{"id":1449,"date":"2026-01-30T12:49:29","date_gmt":"2026-01-30T11:49:29","guid":{"rendered":"https:\/\/energieregion-seeland.ch\/?p=1449"},"modified":"2026-02-02T10:32:23","modified_gmt":"2026-02-02T09:32:23","slug":"unterstuetzung-pionierprojekt-neubau-le-nideau","status":"publish","type":"post","link":"https:\/\/energieregion-seeland.ch\/fr\/unterstuetzung-pionierprojekt-neubau-le-nideau\/","title":{"rendered":"Soutien au projet pionnier de construction neuve \u00abLe NIDeau\u00bb"},"content":{"rendered":"<p>Au 21 Burgerallee \u00e0 Nidau, un immeuble de 7 appartements de haute qualit\u00e9 sur le plan technique, \u00e9cologique et \u00e9nerg\u00e9tique est en cours de construction. Le b\u00e2timent sera certifi\u00e9 Minergie-A et produira ainsi plus d'\u00e9nergie qu'il n'en consommera sur l'ensemble de l'ann\u00e9e. Les besoins \u00e9nerg\u00e9tiques et les \u00e9missions de gaz \u00e0 effet de serre sont syst\u00e9matiquement minimis\u00e9s lors de la construction et de l'exploitation. Gr\u00e2ce \u00e0 une tr\u00e8s bonne isolation thermique, \u00e0 une production de chaleur sans \u00e9nergie fossile, \u00e0 une ventilation confortable et \u00e0 un approvisionnement autonome \u00e9lev\u00e9 gr\u00e2ce \u00e0 l'utilisation du potentiel solaire, les b\u00e2timents Minergie-A ont un indice \u00e9nerg\u00e9tique nettement inf\u00e9rieur \u00e0 celui prescrit par la l\u00e9gislation pour les nouvelles constructions.<\/p>\n\n\n\n<figure class=\"wp-block-image size-large\"><img loading=\"lazy\" decoding=\"async\" width=\"1024\" height=\"590\" src=\"https:\/\/energieregion-seeland.ch\/wp-content\/uploads\/2026\/01\/Le-NIDeau-1024x590.png\" alt=\"\" class=\"wp-image-1451\" srcset=\"https:\/\/energieregion-seeland.ch\/wp-content\/uploads\/2026\/01\/Le-NIDeau-1024x590.png 1024w, https:\/\/energieregion-seeland.ch\/wp-content\/uploads\/2026\/01\/Le-NIDeau-300x173.png 300w, https:\/\/energieregion-seeland.ch\/wp-content\/uploads\/2026\/01\/Le-NIDeau-768x443.png 768w, https:\/\/energieregion-seeland.ch\/wp-content\/uploads\/2026\/01\/Le-NIDeau-1536x885.png 1536w, https:\/\/energieregion-seeland.ch\/wp-content\/uploads\/2026\/01\/Le-NIDeau-18x10.png 18w, https:\/\/energieregion-seeland.ch\/wp-content\/uploads\/2026\/01\/Le-NIDeau.png 1890w\" sizes=\"auto, (max-width: 1024px) 100vw, 1024px\" \/><\/figure>\n\n\n\n<p>L'immeuble collectif repose sur une dalle de fondation soutenue par environ 50 pieux statiques, dont 25 ont \u00e9t\u00e9 con\u00e7us comme des pieux \u00e9nerg\u00e9tiques. Ces pieux \u00e9nerg\u00e9tiques fonctionnent comme des sondes g\u00e9othermiques et extraient la chaleur ambiante du sous-sol, qui est ensuite trait\u00e9e \u00e0 l'aide d'une pompe \u00e0 chaleur pour le chauffage des locaux et la production d'eau chaude. Le toit, largement v\u00e9g\u00e9talis\u00e9, est recouvert de modules photovolta\u00efques bifaciaux qui alimentent une batterie de stockage d'une capacit\u00e9 d'environ 80 kWh.<\/p>\n\n\n\n<p>La <strong>ville de Nidau<\/strong> outient cet impressionnant <strong>projet pionnier \u00e0 hauteur de 20'000 CHF<\/strong> dans le cadre de son programme de promotion communal (jusqu'\u00e0 fin 2024). Une excellente occasion de motiver les ma\u00eetres d'ouvrage \u00e0 faire un effort suppl\u00e9mentaire et \u00e0 am\u00e9liorer les normes \u00e9nerg\u00e9tiques sans que la commune ait \u00e0 investir elle-m\u00eame.<\/p>\n\n\n\n<p>Avec la norme Minergie-A, le bilan \u00e9nerg\u00e9tique des nouvelles constructions est inf\u00e9rieur d'au moins 60 % \u00e0 celui prescrit par la loi. On construit comme il se doit pour une soci\u00e9t\u00e9 \u00e0 z\u00e9ro \u00e9mission nette et on profite soi-m\u00eame de faibles co\u00fbts \u00e9nerg\u00e9tiques.<\/p>\n\n\n\n<p>Bon \u00e0 savoir : Minergie lancera son nouveau label Minergie Net Z\u00e9ro en mars 2026.<\/p>\n\n\n\n<figure class=\"wp-block-gallery has-nested-images columns-default is-cropped wp-block-gallery-1 is-layout-flex wp-block-gallery-is-layout-flex\">\n<figure class=\"wp-block-image size-large\"><img loading=\"lazy\" decoding=\"async\" width=\"1024\" height=\"645\" data-id=\"1453\" src=\"https:\/\/energieregion-seeland.ch\/wp-content\/uploads\/2026\/01\/Energiepfaehle-1024x645.png\" alt=\"\" class=\"wp-image-1453\" srcset=\"https:\/\/energieregion-seeland.ch\/wp-content\/uploads\/2026\/01\/Energiepfaehle-1024x645.png 1024w, https:\/\/energieregion-seeland.ch\/wp-content\/uploads\/2026\/01\/Energiepfaehle-300x189.png 300w, https:\/\/energieregion-seeland.ch\/wp-content\/uploads\/2026\/01\/Energiepfaehle-768x484.png 768w, https:\/\/energieregion-seeland.ch\/wp-content\/uploads\/2026\/01\/Energiepfaehle-1536x968.png 1536w, https:\/\/energieregion-seeland.ch\/wp-content\/uploads\/2026\/01\/Energiepfaehle-18x12.png 18w, https:\/\/energieregion-seeland.ch\/wp-content\/uploads\/2026\/01\/Energiepfaehle.png 1715w\" sizes=\"auto, (max-width: 1024px) 100vw, 1024px\" \/><\/figure>\n\n\n\n<figure class=\"wp-block-image size-full\"><img loading=\"lazy\" decoding=\"async\" width=\"808\" height=\"942\" data-id=\"1463\" src=\"https:\/\/energieregion-seeland.ch\/wp-content\/uploads\/2026\/02\/Minergie-A_Fr.png\" alt=\"\" class=\"wp-image-1463\" srcset=\"https:\/\/energieregion-seeland.ch\/wp-content\/uploads\/2026\/02\/Minergie-A_Fr.png 782w, https:\/\/energieregion-seeland.ch\/wp-content\/uploads\/2026\/02\/Minergie-A_Fr-267x300.png 267w, https:\/\/energieregion-seeland.ch\/wp-content\/uploads\/2026\/02\/Minergie-A_Fr-768x864.png 768w, https:\/\/energieregion-seeland.ch\/wp-content\/uploads\/2026\/02\/Minergie-A_Fr-11x12.png 11w\" sizes=\"auto, (max-width: 808px) 100vw, 808px\" \/><\/figure>\n<\/figure>","protected":false},"excerpt":{"rendered":"<p>An der Burgerallee 21 in Nidau entsteht ein bautechnisch, \u00f6kologisch und energetisch hochwertiger Bau mit 7 Wohnungen. Das Geb\u00e4ude wird im Minergie-A Standard zertifiziert und erzeugt damit \u00fcber das Jahr gesehen mehr Energie als es verbraucht. Der Energiebedarf und die Treibhausgasemissionen werden in Erstellung und Betrieb konsequent minimiert und durch eine sehr gute W\u00e4rmed\u00e4mmung, eine fossilfreie W\u00e4rmeerzeugung, einer Komfortl\u00fcftung und\u2026<\/p>","protected":false},"author":2,"featured_media":1456,"comment_status":"closed","ping_status":"closed","sticky":false,"template":"","format":"standard","meta":{"_acf_changed":false,"footnotes":""},"categories":[22,9,19,7,8],"tags":[],"class_list":["post-1449","post","type-post","status-publish","format-standard","has-post-thumbnail","hentry","category-batiment","category-gebaeude","category-solaire","category-solar","category-waerme"],"acf":[],"_links":{"self":[{"href":"https:\/\/energieregion-seeland.ch\/fr\/wp-json\/wp\/v2\/posts\/1449","targetHints":{"allow":["GET"]}}],"collection":[{"href":"https:\/\/energieregion-seeland.ch\/fr\/wp-json\/wp\/v2\/posts"}],"about":[{"href":"https:\/\/energieregion-seeland.ch\/fr\/wp-json\/wp\/v2\/types\/post"}],"author":[{"embeddable":true,"href":"https:\/\/energieregion-seeland.ch\/fr\/wp-json\/wp\/v2\/users\/2"}],"replies":[{"embeddable":true,"href":"https:\/\/energieregion-seeland.ch\/fr\/wp-json\/wp\/v2\/comments?post=1449"}],"version-history":[{"count":9,"href":"https:\/\/energieregion-seeland.ch\/fr\/wp-json\/wp\/v2\/posts\/1449\/revisions"}],"predecessor-version":[{"id":1464,"href":"https:\/\/energieregion-seeland.ch\/fr\/wp-json\/wp\/v2\/posts\/1449\/revisions\/1464"}],"wp:featuredmedia":[{"embeddable":true,"href":"https:\/\/energieregion-seeland.ch\/fr\/wp-json\/wp\/v2\/media\/1456"}],"wp:attachment":[{"href":"https:\/\/energieregion-seeland.ch\/fr\/wp-json\/wp\/v2\/media?parent=1449"}],"wp:term":[{"taxonomy":"category","embeddable":true,"href":"https:\/\/energieregion-seeland.ch\/fr\/wp-json\/wp\/v2\/categories?post=1449"},{"taxonomy":"post_tag","embeddable":true,"href":"https:\/\/energieregion-seeland.ch\/fr\/wp-json\/wp\/v2\/tags?post=1449"}],"curies":[{"name":"wp","href":"https:\/\/api.w.org\/{rel}","templated":true}]}}